{"id":26317,"date":"2026-09-03T08:24:00","date_gmt":"2026-09-03T07:24:00","guid":{"rendered":"https:\/\/www.zvkds.si\/?p=26317"},"modified":"2026-09-03T08:24:35","modified_gmt":"2026-09-03T07:24:35","slug":"koliscarski-dan-2026-po-sledeh-zivljenja-na-ljubljanskem-barju","status":"publish","type":"post","link":"https:\/\/www.zvkds.si\/eng\/koliscarski-dan-2026-po-sledeh-zivljenja-na-ljubljanskem-barju\/","title":{"rendered":"Koli\u0161\u010darski dan 2026: po sledeh \u017eivljenja na Ljubljanskem barju"},"content":{"rendered":"","protected":false},"excerpt":{"rendered":"","protected":false},"author":4,"featured_media":26318,"comment_status":"closed","ping_status":"open","sticky":false,"template":"","format":"standard","meta":{"_acf_changed":false,"inline_featured_image":false,"footnotes":""},"categories":[1],"tags":[],"class_list":["post-26317","post","type-post","status-publish","format-standard","has-post-thumbnail","hentry","category-novice"],"acf":[],"yoast_head":"<!-- This site is optimized with the Yoast SEO plugin v28.2 - https:\/\/yoast.com\/product\/yoast-seo-wordpress\/ -->\n<title>Koli\u0161\u010darski dan 2026: po sledeh \u017eivljenja na Ljubljanskem barju - ZVKDS<\/title>\n<meta name=\"robots\" content=\"index, follow, max-snippet:-1, max-image-preview:large, max-video-preview:-1\" \/>\n<link rel=\"canonical\" href=\"https:\/\/www.zvkds.si\/eng\/koliscarski-dan-2026-po-sledeh-zivljenja-na-ljubljanskem-barju\/\" \/>\n<meta property=\"og:locale\" content=\"en_GB\" \/>\n<meta property=\"og:type\" content=\"article\" \/>\n<meta property=\"og:title\" content=\"Koli\u0161\u010darski dan 2026: po sledeh \u017eivljenja na Ljubljanskem barju - ZVKDS\" \/>\n<meta property=\"og:url\" content=\"https:\/\/www.zvkds.si\/eng\/koliscarski-dan-2026-po-sledeh-zivljenja-na-ljubljanskem-barju\/\" \/>\n<meta property=\"og:site_name\" content=\"ZVKDS\" \/>\n<meta property=\"article:published_time\" content=\"2026-09-03T07:24:00+00:00\" \/>\n<meta property=\"article:modified_time\" content=\"2026-09-03T07:24:35+00:00\" \/>\n<meta property=\"og:image\" content=\"https:\/\/www.zvkds.si\/wp-content\/uploads\/2026\/09\/Koliscarski-dan-plakat-2026-500x700-mm-04_page-0001-scaled-1.jpg\" \/>\n\t<meta property=\"og:image:width\" content=\"1829\" \/>\n\t<meta property=\"og:image:height\" content=\"2560\" \/>\n\t<meta property=\"og:image:type\" content=\"image\/jpeg\" \/>\n<meta name=\"author\" content=\"barbara.colaric\" \/>\n<meta name=\"twitter:card\" content=\"summary_large_image\" \/>\n<meta name=\"twitter:label1\" content=\"Written by\" \/>\n\t<meta name=\"twitter:data1\" content=\"barbara.colaric\" \/>\n\t<meta name=\"twitter:label2\" content=\"Estimated reading time\" \/>\n\t<meta name=\"twitter:data2\" content=\"1 minute\" \/>\n<script type=\"application\/ld+json\" class=\"yoast-schema-graph\">{\"@context\":\"https:\\\/\\\/schema.org\",\"@graph\":[{\"@type\":\"Article\",\"@id\":\"https:\\\/\\\/www.zvkds.si\\\/koliscarski-dan-2026-po-sledeh-zivljenja-na-ljubljanskem-barju\\\/#article\",\"isPartOf\":{\"@id\":\"https:\\\/\\\/www.zvkds.si\\\/koliscarski-dan-2026-po-sledeh-zivljenja-na-ljubljanskem-barju\\\/\"},\"author\":{\"name\":\"barbara.colaric\",\"@id\":\"https:\\\/\\\/www.zvkds.si\\\/#\\\/schema\\\/person\\\/b79794f738affb6a19a7b6e9c1d38c22\"},\"headline\":\"Koli\u0161\u010darski dan 2026: po sledeh \u017eivljenja na Ljubljanskem barju\",\"datePublished\":\"2026-09-03T07:24:00+00:00\",\"dateModified\":\"2026-09-03T07:24:35+00:00\",\"mainEntityOfPage\":{\"@id\":\"https:\\\/\\\/www.zvkds.si\\\/koliscarski-dan-2026-po-sledeh-zivljenja-na-ljubljanskem-barju\\\/\"},\"wordCount\":9,\"image\":{\"@id\":\"https:\\\/\\\/www.zvkds.si\\\/koliscarski-dan-2026-po-sledeh-zivljenja-na-ljubljanskem-barju\\\/#primaryimage\"},\"thumbnailUrl\":\"https:\\\/\\\/www.zvkds.si\\\/wp-content\\\/uploads\\\/2026\\\/09\\\/Koliscarski-dan-plakat-2026-500x700-mm-04_page-0001-scaled-1.jpg\",\"articleSection\":[\"Novice\"],\"inLanguage\":\"en-GB\"},{\"@type\":\"WebPage\",\"@id\":\"https:\\\/\\\/www.zvkds.si\\\/koliscarski-dan-2026-po-sledeh-zivljenja-na-ljubljanskem-barju\\\/\",\"url\":\"https:\\\/\\\/www.zvkds.si\\\/koliscarski-dan-2026-po-sledeh-zivljenja-na-ljubljanskem-barju\\\/\",\"name\":\"Koli\u0161\u010darski dan 2026: po sledeh \u017eivljenja na Ljubljanskem barju - ZVKDS\",\"isPartOf\":{\"@id\":\"https:\\\/\\\/www.zvkds.si\\\/#website\"},\"primaryImageOfPage\":{\"@id\":\"https:\\\/\\\/www.zvkds.si\\\/koliscarski-dan-2026-po-sledeh-zivljenja-na-ljubljanskem-barju\\\/#primaryimage\"},\"image\":{\"@id\":\"https:\\\/\\\/www.zvkds.si\\\/koliscarski-dan-2026-po-sledeh-zivljenja-na-ljubljanskem-barju\\\/#primaryimage\"},\"thumbnailUrl\":\"https:\\\/\\\/www.zvkds.si\\\/wp-content\\\/uploads\\\/2026\\\/09\\\/Koliscarski-dan-plakat-2026-500x700-mm-04_page-0001-scaled-1.jpg\",\"datePublished\":\"2026-09-03T07:24:00+00:00\",\"dateModified\":\"2026-09-03T07:24:35+00:00\",\"author\":{\"@id\":\"https:\\\/\\\/www.zvkds.si\\\/#\\\/schema\\\/person\\\/b79794f738affb6a19a7b6e9c1d38c22\"},\"breadcrumb\":{\"@id\":\"https:\\\/\\\/www.zvkds.si\\\/koliscarski-dan-2026-po-sledeh-zivljenja-na-ljubljanskem-barju\\\/#breadcrumb\"},\"inLanguage\":\"en-GB\",\"potentialAction\":[{\"@type\":\"ReadAction\",\"target\":[\"https:\\\/\\\/www.zvkds.si\\\/koliscarski-dan-2026-po-sledeh-zivljenja-na-ljubljanskem-barju\\\/\"]}]},{\"@type\":\"ImageObject\",\"inLanguage\":\"en-GB\",\"@id\":\"https:\\\/\\\/www.zvkds.si\\\/koliscarski-dan-2026-po-sledeh-zivljenja-na-ljubljanskem-barju\\\/#primaryimage\",\"url\":\"https:\\\/\\\/www.zvkds.si\\\/wp-content\\\/uploads\\\/2026\\\/09\\\/Koliscarski-dan-plakat-2026-500x700-mm-04_page-0001-scaled-1.jpg\",\"contentUrl\":\"https:\\\/\\\/www.zvkds.si\\\/wp-content\\\/uploads\\\/2026\\\/09\\\/Koliscarski-dan-plakat-2026-500x700-mm-04_page-0001-scaled-1.jpg\",\"width\":1829,\"height\":2560,\"caption\":\"Koliscarski-dan-plakat-2026-500x700-mm-04_page-0001-scaled\"},{\"@type\":\"BreadcrumbList\",\"@id\":\"https:\\\/\\\/www.zvkds.si\\\/koliscarski-dan-2026-po-sledeh-zivljenja-na-ljubljanskem-barju\\\/#breadcrumb\",\"itemListElement\":[{\"@type\":\"ListItem\",\"position\":1,\"name\":\"Home\",\"item\":\"https:\\\/\\\/www.zvkds.si\\\/\"},{\"@type\":\"ListItem\",\"position\":2,\"name\":\"Koli\u0161\u010darski dan 2026: po sledeh \u017eivljenja na Ljubljanskem barju\"}]},{\"@type\":\"WebSite\",\"@id\":\"https:\\\/\\\/www.zvkds.si\\\/#website\",\"url\":\"https:\\\/\\\/www.zvkds.si\\\/\",\"name\":\"ZVKDS\",\"description\":\"\",\"potentialAction\":[{\"@type\":\"SearchAction\",\"target\":{\"@type\":\"EntryPoint\",\"urlTemplate\":\"https:\\\/\\\/www.zvkds.si\\\/?s={search_term_string}\"},\"query-input\":{\"@type\":\"PropertyValueSpecification\",\"valueRequired\":true,\"valueName\":\"search_term_string\"}}],\"inLanguage\":\"en-GB\"},{\"@type\":\"Person\",\"@id\":\"https:\\\/\\\/www.zvkds.si\\\/#\\\/schema\\\/person\\\/b79794f738affb6a19a7b6e9c1d38c22\",\"name\":\"barbara.colaric\",\"image\":{\"@type\":\"ImageObject\",\"inLanguage\":\"en-GB\",\"@id\":\"https:\\\/\\\/secure.gravatar.com\\\/avatar\\\/f9708e6bb9774ddd7d46f6f74b2711bee73cfae30264faf020336f76a24caf3e?s=96&d=mm&r=g\",\"url\":\"https:\\\/\\\/secure.gravatar.com\\\/avatar\\\/f9708e6bb9774ddd7d46f6f74b2711bee73cfae30264faf020336f76a24caf3e?s=96&d=mm&r=g\",\"contentUrl\":\"https:\\\/\\\/secure.gravatar.com\\\/avatar\\\/f9708e6bb9774ddd7d46f6f74b2711bee73cfae30264faf020336f76a24caf3e?s=96&d=mm&r=g\",\"caption\":\"barbara.colaric\"}}]}<\/script>\n<!-- \/ Yoast SEO plugin. -->","yoast_head_json":{"title":"Koli\u0161\u010darski dan 2026: po sledeh \u017eivljenja na Ljubljanskem barju - ZVKDS","robots":{"index":"index","follow":"follow","max-snippet":"max-snippet:-1","max-image-preview":"max-image-preview:large","max-video-preview":"max-video-preview:-1"},"canonical":"https:\/\/www.zvkds.si\/eng\/koliscarski-dan-2026-po-sledeh-zivljenja-na-ljubljanskem-barju\/","og_locale":"en_GB","og_type":"article","og_title":"Koli\u0161\u010darski dan 2026: po sledeh \u017eivljenja na Ljubljanskem barju - ZVKDS","og_url":"https:\/\/www.zvkds.si\/eng\/koliscarski-dan-2026-po-sledeh-zivljenja-na-ljubljanskem-barju\/","og_site_name":"ZVKDS","article_published_time":"2026-09-03T07:24:00+00:00","article_modified_time":"2026-09-03T07:24:35+00:00","og_image":[{"width":1829,"height":2560,"url":"https:\/\/www.zvkds.si\/wp-content\/uploads\/2026\/09\/Koliscarski-dan-plakat-2026-500x700-mm-04_page-0001-scaled-1.jpg","type":"image\/jpeg"}],"author":"barbara.colaric","twitter_card":"summary_large_image","twitter_misc":{"Written by":"barbara.colaric","Estimated reading time":"1 minute"},"schema":{"@context":"https:\/\/schema.org","@graph":[{"@type":"Article","@id":"https:\/\/www.zvkds.si\/koliscarski-dan-2026-po-sledeh-zivljenja-na-ljubljanskem-barju\/#article","isPartOf":{"@id":"https:\/\/www.zvkds.si\/koliscarski-dan-2026-po-sledeh-zivljenja-na-ljubljanskem-barju\/"},"author":{"name":"barbara.colaric","@id":"https:\/\/www.zvkds.si\/#\/schema\/person\/b79794f738affb6a19a7b6e9c1d38c22"},"headline":"Koli\u0161\u010darski dan 2026: po sledeh \u017eivljenja na Ljubljanskem barju","datePublished":"2026-09-03T07:24:00+00:00","dateModified":"2026-09-03T07:24:35+00:00","mainEntityOfPage":{"@id":"https:\/\/www.zvkds.si\/koliscarski-dan-2026-po-sledeh-zivljenja-na-ljubljanskem-barju\/"},"wordCount":9,"image":{"@id":"https:\/\/www.zvkds.si\/koliscarski-dan-2026-po-sledeh-zivljenja-na-ljubljanskem-barju\/#primaryimage"},"thumbnailUrl":"https:\/\/www.zvkds.si\/wp-content\/uploads\/2026\/09\/Koliscarski-dan-plakat-2026-500x700-mm-04_page-0001-scaled-1.jpg","articleSection":["Novice"],"inLanguage":"en-GB"},{"@type":"WebPage","@id":"https:\/\/www.zvkds.si\/koliscarski-dan-2026-po-sledeh-zivljenja-na-ljubljanskem-barju\/","url":"https:\/\/www.zvkds.si\/koliscarski-dan-2026-po-sledeh-zivljenja-na-ljubljanskem-barju\/","name":"Koli\u0161\u010darski dan 2026: po sledeh \u017eivljenja na Ljubljanskem barju - ZVKDS","isPartOf":{"@id":"https:\/\/www.zvkds.si\/#website"},"primaryImageOfPage":{"@id":"https:\/\/www.zvkds.si\/koliscarski-dan-2026-po-sledeh-zivljenja-na-ljubljanskem-barju\/#primaryimage"},"image":{"@id":"https:\/\/www.zvkds.si\/koliscarski-dan-2026-po-sledeh-zivljenja-na-ljubljanskem-barju\/#primaryimage"},"thumbnailUrl":"https:\/\/www.zvkds.si\/wp-content\/uploads\/2026\/09\/Koliscarski-dan-plakat-2026-500x700-mm-04_page-0001-scaled-1.jpg","datePublished":"2026-09-03T07:24:00+00:00","dateModified":"2026-09-03T07:24:35+00:00","author":{"@id":"https:\/\/www.zvkds.si\/#\/schema\/person\/b79794f738affb6a19a7b6e9c1d38c22"},"breadcrumb":{"@id":"https:\/\/www.zvkds.si\/koliscarski-dan-2026-po-sledeh-zivljenja-na-ljubljanskem-barju\/#breadcrumb"},"inLanguage":"en-GB","potentialAction":[{"@type":"ReadAction","target":["https:\/\/www.zvkds.si\/koliscarski-dan-2026-po-sledeh-zivljenja-na-ljubljanskem-barju\/"]}]},{"@type":"ImageObject","inLanguage":"en-GB","@id":"https:\/\/www.zvkds.si\/koliscarski-dan-2026-po-sledeh-zivljenja-na-ljubljanskem-barju\/#primaryimage","url":"https:\/\/www.zvkds.si\/wp-content\/uploads\/2026\/09\/Koliscarski-dan-plakat-2026-500x700-mm-04_page-0001-scaled-1.jpg","contentUrl":"https:\/\/www.zvkds.si\/wp-content\/uploads\/2026\/09\/Koliscarski-dan-plakat-2026-500x700-mm-04_page-0001-scaled-1.jpg","width":1829,"height":2560,"caption":"Koliscarski-dan-plakat-2026-500x700-mm-04_page-0001-scaled"},{"@type":"BreadcrumbList","@id":"https:\/\/www.zvkds.si\/koliscarski-dan-2026-po-sledeh-zivljenja-na-ljubljanskem-barju\/#breadcrumb","itemListElement":[{"@type":"ListItem","position":1,"name":"Home","item":"https:\/\/www.zvkds.si\/"},{"@type":"ListItem","position":2,"name":"Koli\u0161\u010darski dan 2026: po sledeh \u017eivljenja na Ljubljanskem barju"}]},{"@type":"WebSite","@id":"https:\/\/www.zvkds.si\/#website","url":"https:\/\/www.zvkds.si\/","name":"IPCHS","description":"","potentialAction":[{"@type":"SearchAction","target":{"@type":"EntryPoint","urlTemplate":"https:\/\/www.zvkds.si\/?s={search_term_string}"},"query-input":{"@type":"PropertyValueSpecification","valueRequired":true,"valueName":"search_term_string"}}],"inLanguage":"en-GB"},{"@type":"Person","@id":"https:\/\/www.zvkds.si\/#\/schema\/person\/b79794f738affb6a19a7b6e9c1d38c22","name":"barbara.colaric","image":{"@type":"ImageObject","inLanguage":"en-GB","@id":"https:\/\/secure.gravatar.com\/avatar\/f9708e6bb9774ddd7d46f6f74b2711bee73cfae30264faf020336f76a24caf3e?s=96&d=mm&r=g","url":"https:\/\/secure.gravatar.com\/avatar\/f9708e6bb9774ddd7d46f6f74b2711bee73cfae30264faf020336f76a24caf3e?s=96&d=mm&r=g","contentUrl":"https:\/\/secure.gravatar.com\/avatar\/f9708e6bb9774ddd7d46f6f74b2711bee73cfae30264faf020336f76a24caf3e?s=96&d=mm&r=g","caption":"barbara.colaric"}}]}},"_links":{"self":[{"href":"https:\/\/www.zvkds.si\/eng\/wp-json\/wp\/v2\/posts\/26317","targetHints":{"allow":["GET"]}}],"collection":[{"href":"https:\/\/www.zvkds.si\/eng\/wp-json\/wp\/v2\/posts"}],"about":[{"href":"https:\/\/www.zvkds.si\/eng\/wp-json\/wp\/v2\/types\/post"}],"author":[{"embeddable":true,"href":"https:\/\/www.zvkds.si\/eng\/wp-json\/wp\/v2\/users\/4"}],"replies":[{"embeddable":true,"href":"https:\/\/www.zvkds.si\/eng\/wp-json\/wp\/v2\/comments?post=26317"}],"version-history":[{"count":2,"href":"https:\/\/www.zvkds.si\/eng\/wp-json\/wp\/v2\/posts\/26317\/revisions"}],"predecessor-version":[{"id":26320,"href":"https:\/\/www.zvkds.si\/eng\/wp-json\/wp\/v2\/posts\/26317\/revisions\/26320"}],"wp:featuredmedia":[{"embeddable":true,"href":"https:\/\/www.zvkds.si\/eng\/wp-json\/wp\/v2\/media\/26318"}],"wp:attachment":[{"href":"https:\/\/www.zvkds.si\/eng\/wp-json\/wp\/v2\/media?parent=26317"}],"wp:term":[{"taxonomy":"category","embeddable":true,"href":"https:\/\/www.zvkds.si\/eng\/wp-json\/wp\/v2\/categories?post=26317"},{"taxonomy":"post_tag","embeddable":true,"href":"https:\/\/www.zvkds.si\/eng\/wp-json\/wp\/v2\/tags?post=26317"}],"curies":[{"name":"wp","href":"https:\/\/api.w.org\/{rel}","templated":true}]}}